{"id":1227,"date":"2020-10-10T20:46:26","date_gmt":"2020-10-10T19:46:26","guid":{"rendered":"https:\/\/leukefeld.net\/?p=1227"},"modified":"2020-10-17T20:52:44","modified_gmt":"2020-10-17T19:52:44","slug":"blockade-pur-wie-deutschland-die-p3-mit-belgien-und-estland-verhinderten-dass-jose-bustani-erster-ovcw-generaldirektor-im-un-sicherheitsrat-sprach","status":"publish","type":"post","link":"https:\/\/leukefeld.net\/?p=1227","title":{"rendered":"Blockade pur \u2013 Wie Deutschland, die \u201eP3\u201c mit Belgien und Estland verhinderten, dass Jos\u00e9 Bustani, erster OVCW-Generaldirektor, im UN-Sicherheitsrat sprach"},"content":{"rendered":"<p>Wer etwas \u00fcber die deutsche und europ\u00e4ische Au\u00dfenpolitik in Sachen Syrien erfahren m\u00f6chte, sollte die Debatten im UN-Sicherheitsrat verfolgen. Der Sicherheitsrat ist das h\u00f6chste politische Entscheidungsgremium der Vereinten Nationen, in dem f\u00fcnf Staaten \u2013 Russland, China, Frankreich, Gro\u00dfbritannien, USA \u2013 dauerhaft vertreten sind und \u00fcber ein Veto-Recht verf\u00fcgen. Weitere zehn Staaten haben jeweils f\u00fcr zwei Jahre einen Sitz als nicht-st\u00e4ndige Mitglieder. Deutschland ist seit 2019 als nicht-st\u00e4ndiges Mitglied noch bis Ende 2020 im Sicherheitsrat vertreten.<\/p>\n<p>Der Artikel erschein bei den Nachdenkseiten:\u00a0<a href=\"https:\/\/www.nachdenkseiten.de\/?p=65689\">https:\/\/www.nachdenkseiten.de\/?p=65689<\/a><\/p>\n","protected":false},"excerpt":{"rendered":"<p>Wer etwas \u00fcber die deutsche und europ\u00e4ische Au\u00dfenpolitik in Sachen Syrien erfahren m\u00f6chte, sollte die Debatten im UN-Sicherheitsrat verfolgen. Der Sicherheitsrat ist das h\u00f6chste politische Entscheidungsgremium der Vereinten Nationen, in dem f\u00fcnf Staaten \u2013 Russland, China, Frankreich, Gro\u00dfbritannien, USA \u2013 &hellip; <a href=\"https:\/\/leukefeld.net\/?p=1227\">Weiterlesen <span class=\"meta-nav\">&rarr;<\/span><\/a><\/p>\n","protected":false},"author":2,"featured_media":0,"comment_status":"closed","ping_status":"closed","sticky":false,"template":"","format":"standard","meta":{"footnotes":""},"categories":[6],"tags":[],"class_list":["post-1227","post","type-post","status-publish","format-standard","hentry","category-reportagen-interviews-deutsch"],"_links":{"self":[{"href":"https:\/\/leukefeld.net\/index.php?rest_route=\/wp\/v2\/posts\/1227","targetHints":{"allow":["GET"]}}],"collection":[{"href":"https:\/\/leukefeld.net\/index.php?rest_route=\/wp\/v2\/posts"}],"about":[{"href":"https:\/\/leukefeld.net\/index.php?rest_route=\/wp\/v2\/types\/post"}],"author":[{"embeddable":true,"href":"https:\/\/leukefeld.net\/index.php?rest_route=\/wp\/v2\/users\/2"}],"replies":[{"embeddable":true,"href":"https:\/\/leukefeld.net\/index.php?rest_route=%2Fwp%2Fv2%2Fcomments&post=1227"}],"version-history":[{"count":3,"href":"https:\/\/leukefeld.net\/index.php?rest_route=\/wp\/v2\/posts\/1227\/revisions"}],"predecessor-version":[{"id":1230,"href":"https:\/\/leukefeld.net\/index.php?rest_route=\/wp\/v2\/posts\/1227\/revisions\/1230"}],"wp:attachment":[{"href":"https:\/\/leukefeld.net\/index.php?rest_route=%2Fwp%2Fv2%2Fmedia&parent=1227"}],"wp:term":[{"taxonomy":"category","embeddable":true,"href":"https:\/\/leukefeld.net\/index.php?rest_route=%2Fwp%2Fv2%2Fcategories&post=1227"},{"taxonomy":"post_tag","embeddable":true,"href":"https:\/\/leukefeld.net\/index.php?rest_route=%2Fwp%2Fv2%2Ftags&post=1227"}],"curies":[{"name":"wp","href":"https:\/\/api.w.org\/{rel}","templated":true}]}}