{"id":1110,"date":"2020-06-04T11:07:26","date_gmt":"2020-06-04T10:07:26","guid":{"rendered":"https:\/\/leukefeld.net\/?p=1110"},"modified":"2020-06-06T11:08:56","modified_gmt":"2020-06-06T10:08:56","slug":"libanon-vor-20-jahren-zog-die-israelische-armee-sich-aus-dem-suedlibanon-zurueck","status":"publish","type":"post","link":"https:\/\/leukefeld.net\/?p=1110","title":{"rendered":"Libanon &#8211; Vor 20 Jahren zog die israelische Armee sich aus dem S\u00fcdlibanon zur\u00fcck"},"content":{"rendered":"<p><img loading=\"lazy\" decoding=\"async\" class=\"alignnone size-full wp-image-1114\" src=\"https:\/\/leukefeld.net\/wp-content\/uploads\/2020\/06\/Foto-Leukefeld-Mleeta-2010-Widerstandsmuseum-Panzerfriedhof-scaled.jpg\" alt=\"Mleeta, Panzerfriedhof im Widerstandsmuseum. Foto: K. Leukefeld\" width=\"2560\" height=\"1920\" srcset=\"https:\/\/leukefeld.net\/wp-content\/uploads\/2020\/06\/Foto-Leukefeld-Mleeta-2010-Widerstandsmuseum-Panzerfriedhof-scaled.jpg 2560w, https:\/\/leukefeld.net\/wp-content\/uploads\/2020\/06\/Foto-Leukefeld-Mleeta-2010-Widerstandsmuseum-Panzerfriedhof-200x150.jpg 200w, https:\/\/leukefeld.net\/wp-content\/uploads\/2020\/06\/Foto-Leukefeld-Mleeta-2010-Widerstandsmuseum-Panzerfriedhof-600x450.jpg 600w, https:\/\/leukefeld.net\/wp-content\/uploads\/2020\/06\/Foto-Leukefeld-Mleeta-2010-Widerstandsmuseum-Panzerfriedhof-768x576.jpg 768w, https:\/\/leukefeld.net\/wp-content\/uploads\/2020\/06\/Foto-Leukefeld-Mleeta-2010-Widerstandsmuseum-Panzerfriedhof-1536x1152.jpg 1536w, https:\/\/leukefeld.net\/wp-content\/uploads\/2020\/06\/Foto-Leukefeld-Mleeta-2010-Widerstandsmuseum-Panzerfriedhof-2048x1536.jpg 2048w, https:\/\/leukefeld.net\/wp-content\/uploads\/2020\/06\/Foto-Leukefeld-Mleeta-2010-Widerstandsmuseum-Panzerfriedhof-400x300.jpg 400w\" sizes=\"auto, (max-width: 2560px) 100vw, 2560px\" \/><\/p>\n<p>Mit dem \u00bbTag des Widerstandes und der Befreiung\u00ab wurde im Libanon am 25. Mai 2020 an den R\u00fcckzug der israelischen Besatzungstruppen vor 20 Jahren aus dem S\u00fcdlibanon erinnert. Treibende Kraft hinter dem R\u00fcckzug war der entschlossene<br \/>\nWiderstand der libanesischen Hisbollah, die heute als politische Organisation in Regierung und Parlament des Landes vertreten ist. Feiern blieben zum 20. Jahrestag<br \/>\naus, weil auch im Libanon wegen der Coronapandemie strenge Ausgangssperren<br \/>\neingehalten werden m\u00fcssen.<\/p>\n<p>Die Schwerpunktseite erschien am 4. Juni 2020 in der Berliner Tageszeitung Junge Welt und kann hier gelesen werden: <a href=\"https:\/\/leukefeld.net\/wp-content\/uploads\/2020\/06\/200604-jw-Nach-Osten-blicken.pdf\">200604-jw-Nach-Osten-blicken<\/a><\/p>\n","protected":false},"excerpt":{"rendered":"<p>Mit dem \u00bbTag des Widerstandes und der Befreiung\u00ab wurde im Libanon am 25. Mai 2020 an den R\u00fcckzug der israelischen Besatzungstruppen vor 20 Jahren aus dem S\u00fcdlibanon erinnert. Treibende Kraft hinter dem R\u00fcckzug war der entschlossene Widerstand der libanesischen Hisbollah, &hellip; <a href=\"https:\/\/leukefeld.net\/?p=1110\">Weiterlesen <span class=\"meta-nav\">&rarr;<\/span><\/a><\/p>\n","protected":false},"author":2,"featured_media":0,"comment_status":"closed","ping_status":"closed","sticky":false,"template":"","format":"standard","meta":{"footnotes":""},"categories":[6],"tags":[],"class_list":["post-1110","post","type-post","status-publish","format-standard","hentry","category-reportagen-interviews-deutsch"],"_links":{"self":[{"href":"https:\/\/leukefeld.net\/index.php?rest_route=\/wp\/v2\/posts\/1110","targetHints":{"allow":["GET"]}}],"collection":[{"href":"https:\/\/leukefeld.net\/index.php?rest_route=\/wp\/v2\/posts"}],"about":[{"href":"https:\/\/leukefeld.net\/index.php?rest_route=\/wp\/v2\/types\/post"}],"author":[{"embeddable":true,"href":"https:\/\/leukefeld.net\/index.php?rest_route=\/wp\/v2\/users\/2"}],"replies":[{"embeddable":true,"href":"https:\/\/leukefeld.net\/index.php?rest_route=%2Fwp%2Fv2%2Fcomments&post=1110"}],"version-history":[{"count":8,"href":"https:\/\/leukefeld.net\/index.php?rest_route=\/wp\/v2\/posts\/1110\/revisions"}],"predecessor-version":[{"id":1120,"href":"https:\/\/leukefeld.net\/index.php?rest_route=\/wp\/v2\/posts\/1110\/revisions\/1120"}],"wp:attachment":[{"href":"https:\/\/leukefeld.net\/index.php?rest_route=%2Fwp%2Fv2%2Fmedia&parent=1110"}],"wp:term":[{"taxonomy":"category","embeddable":true,"href":"https:\/\/leukefeld.net\/index.php?rest_route=%2Fwp%2Fv2%2Fcategories&post=1110"},{"taxonomy":"post_tag","embeddable":true,"href":"https:\/\/leukefeld.net\/index.php?rest_route=%2Fwp%2Fv2%2Ftags&post=1110"}],"curies":[{"name":"wp","href":"https:\/\/api.w.org\/{rel}","templated":true}]}}