{"id":1101,"date":"2020-05-22T22:24:05","date_gmt":"2020-05-22T21:24:05","guid":{"rendered":"https:\/\/leukefeld.net\/?p=1101"},"modified":"2020-05-26T22:25:06","modified_gmt":"2020-05-26T21:25:06","slug":"erinnerung-an-die-vertreibung","status":"publish","type":"post","link":"https:\/\/leukefeld.net\/?p=1101","title":{"rendered":"Erinnerung an die Vertreibung"},"content":{"rendered":"<p>Seit 72 Jahren erinnern die Pal\u00e4stinenser Mitte Mai an die Nakba, die Katastrophe. Was in Israel als Tag der Staatsgr\u00fcndung gefeiert wird, hat sich in der Erinnerung der Pal\u00e4stinenser als \u201ekatastrophales Zusammenspiel aus Massakern, Vertreibung, Raub, Besatzung und Apartheid\u201c eingegraben. Das Unrecht von damals h\u00e4lt bis heute an.W\u00e4hrend die Pal\u00e4stinenser an ihre Vertreibung erinnern und ihre Rechte fordern, bereitet die neue israelische Regierung die Annexion von Teilen des besetzten Westjordanlandes und des Jordantals vor.<\/p>\n<p>Weiterlesen in der Jungen Welt: <a href=\"https:\/\/leukefeld.net\/wp-content\/uploads\/2020\/05\/200522_jw_Erinnerung-an-die-Nakba.pdf\">200522_jw_Erinnerung an die Nakba<\/a><\/p>\n","protected":false},"excerpt":{"rendered":"<p>Seit 72 Jahren erinnern die Pal\u00e4stinenser Mitte Mai an die Nakba, die Katastrophe. Was in Israel als Tag der Staatsgr\u00fcndung gefeiert wird, hat sich in der Erinnerung der Pal\u00e4stinenser als \u201ekatastrophales Zusammenspiel aus Massakern, Vertreibung, Raub, Besatzung und Apartheid\u201c eingegraben. &hellip; <a href=\"https:\/\/leukefeld.net\/?p=1101\">Weiterlesen <span class=\"meta-nav\">&rarr;<\/span><\/a><\/p>\n","protected":false},"author":2,"featured_media":0,"comment_status":"closed","ping_status":"closed","sticky":false,"template":"","format":"standard","meta":{"footnotes":""},"categories":[6],"tags":[],"class_list":["post-1101","post","type-post","status-publish","format-standard","hentry","category-reportagen-interviews-deutsch"],"_links":{"self":[{"href":"https:\/\/leukefeld.net\/index.php?rest_route=\/wp\/v2\/posts\/1101","targetHints":{"allow":["GET"]}}],"collection":[{"href":"https:\/\/leukefeld.net\/index.php?rest_route=\/wp\/v2\/posts"}],"about":[{"href":"https:\/\/leukefeld.net\/index.php?rest_route=\/wp\/v2\/types\/post"}],"author":[{"embeddable":true,"href":"https:\/\/leukefeld.net\/index.php?rest_route=\/wp\/v2\/users\/2"}],"replies":[{"embeddable":true,"href":"https:\/\/leukefeld.net\/index.php?rest_route=%2Fwp%2Fv2%2Fcomments&post=1101"}],"version-history":[{"count":4,"href":"https:\/\/leukefeld.net\/index.php?rest_route=\/wp\/v2\/posts\/1101\/revisions"}],"predecessor-version":[{"id":1106,"href":"https:\/\/leukefeld.net\/index.php?rest_route=\/wp\/v2\/posts\/1101\/revisions\/1106"}],"wp:attachment":[{"href":"https:\/\/leukefeld.net\/index.php?rest_route=%2Fwp%2Fv2%2Fmedia&parent=1101"}],"wp:term":[{"taxonomy":"category","embeddable":true,"href":"https:\/\/leukefeld.net\/index.php?rest_route=%2Fwp%2Fv2%2Fcategories&post=1101"},{"taxonomy":"post_tag","embeddable":true,"href":"https:\/\/leukefeld.net\/index.php?rest_route=%2Fwp%2Fv2%2Ftags&post=1101"}],"curies":[{"name":"wp","href":"https:\/\/api.w.org\/{rel}","templated":true}]}}