{"id":1093,"date":"2020-05-16T22:11:22","date_gmt":"2020-05-16T21:11:22","guid":{"rendered":"https:\/\/leukefeld.net\/?p=1093"},"modified":"2020-05-26T22:15:07","modified_gmt":"2020-05-26T21:15:07","slug":"zwischen-dem-persischen-golf-und-der-levante","status":"publish","type":"post","link":"https:\/\/leukefeld.net\/?p=1093","title":{"rendered":"Zwischen dem Persischen Golf und der Levante"},"content":{"rendered":"<p>Die Region zwischen dem \u00f6stlichen Mittelmeer und dem Persischen Golf steht seit dem 1. Weltkrieg ganz oben auf der Agenda \u00a0Europas. Damals teilten die ehemaligen Kolonialm\u00e4chte Gro\u00dfbritannien und Frankreich das Gebiet untereinander auf. Mit dem 2. Weltkrieg aber sicherten sich die USA den Zugriff auf die saudischen \u00d6lquellen. Dann \u00fcbernahmen sie von den kriegsgeschw\u00e4chten britischen Alliierten die f\u00fchrende Rolle im \u201eGro\u00dfen Spiel der Nationen\u201c. Die \u201ePax Britannica\u201c wurde durch die \u201ePax Americana\u201c abgel\u00f6st. \u00a0Neuer Akteur an der Seite der USA ist seit 1948 Israel.<\/p>\n<p>Weiterlesen in der Zeitung vom Letzebuerger Vollek: <a href=\"https:\/\/leukefeld.net\/wp-content\/uploads\/2020\/05\/200516-Zwischen-Golf-und-Levante.pdf\">200516 Zwischen Golf und Levante<\/a><\/p>\n","protected":false},"excerpt":{"rendered":"<p>Die Region zwischen dem \u00f6stlichen Mittelmeer und dem Persischen Golf steht seit dem 1. Weltkrieg ganz oben auf der Agenda \u00a0Europas. Damals teilten die ehemaligen Kolonialm\u00e4chte Gro\u00dfbritannien und Frankreich das Gebiet untereinander auf. Mit dem 2. Weltkrieg aber sicherten sich &hellip; <a href=\"https:\/\/leukefeld.net\/?p=1093\">Weiterlesen <span class=\"meta-nav\">&rarr;<\/span><\/a><\/p>\n","protected":false},"author":2,"featured_media":0,"comment_status":"closed","ping_status":"closed","sticky":false,"template":"","format":"standard","meta":{"footnotes":""},"categories":[6],"tags":[],"class_list":["post-1093","post","type-post","status-publish","format-standard","hentry","category-reportagen-interviews-deutsch"],"_links":{"self":[{"href":"https:\/\/leukefeld.net\/index.php?rest_route=\/wp\/v2\/posts\/1093","targetHints":{"allow":["GET"]}}],"collection":[{"href":"https:\/\/leukefeld.net\/index.php?rest_route=\/wp\/v2\/posts"}],"about":[{"href":"https:\/\/leukefeld.net\/index.php?rest_route=\/wp\/v2\/types\/post"}],"author":[{"embeddable":true,"href":"https:\/\/leukefeld.net\/index.php?rest_route=\/wp\/v2\/users\/2"}],"replies":[{"embeddable":true,"href":"https:\/\/leukefeld.net\/index.php?rest_route=%2Fwp%2Fv2%2Fcomments&post=1093"}],"version-history":[{"count":5,"href":"https:\/\/leukefeld.net\/index.php?rest_route=\/wp\/v2\/posts\/1093\/revisions"}],"predecessor-version":[{"id":1099,"href":"https:\/\/leukefeld.net\/index.php?rest_route=\/wp\/v2\/posts\/1093\/revisions\/1099"}],"wp:attachment":[{"href":"https:\/\/leukefeld.net\/index.php?rest_route=%2Fwp%2Fv2%2Fmedia&parent=1093"}],"wp:term":[{"taxonomy":"category","embeddable":true,"href":"https:\/\/leukefeld.net\/index.php?rest_route=%2Fwp%2Fv2%2Fcategories&post=1093"},{"taxonomy":"post_tag","embeddable":true,"href":"https:\/\/leukefeld.net\/index.php?rest_route=%2Fwp%2Fv2%2Ftags&post=1093"}],"curies":[{"name":"wp","href":"https:\/\/api.w.org\/{rel}","templated":true}]}}