{"id":1073,"date":"2020-03-29T21:25:23","date_gmt":"2020-03-29T20:25:23","guid":{"rendered":"https:\/\/leukefeld.net\/?p=1073"},"modified":"2020-04-01T21:27:14","modified_gmt":"2020-04-01T20:27:14","slug":"neun-jahre-krieg-in-syrien-die-grosse-zerstoerung","status":"publish","type":"post","link":"https:\/\/leukefeld.net\/?p=1073","title":{"rendered":"Neun Jahre Krieg in Syrien &#8211; Die gro\u00dfe Zerst\u00f6rung"},"content":{"rendered":"<p>Welcher M\u00e4rztag im Jahr 2011 es war, an dem in Syrien\u00a0<strong>die gro\u00dfe Zerst\u00f6rung<\/strong> begann ist unklar. Die Nationale Koalition der oppositionellen und revolution\u00e4ren Kr\u00e4fte Syriens (Etilaf) sagt, es sei der 15. M\u00e4rz gewesen. Die Au\u00dfenminister Deutschlands, Gro\u00dfbritanniens, Frankreich und USA <a href=\"https:\/\/www.auswaertiges-amt.de\/de\/newsroom\/jahrestag-syrien-aufstand\/2318666?isLocal=false&amp;isPreview=false\" target=\"_blank\" rel=\"noopener noreferrer\">ver\u00f6ffentlichten<\/a>\u00a0am 15. M\u00e4rz 2020 eine \u201eGemeinsame Erkl\u00e4rung der Regierungen Deutschlands, Frankreichs, des Vereinigten K\u00f6nigreichs und der Vereinigten Staaten zum 9. Jahrestag des Aufstands in Syrien\u201c.<\/p>\n<p>An diesem Tag sollen Schuljungen in der s\u00fcdsyrischen Stadt\u00a0<strong>Deraa<\/strong>\u00a0die Parole \u201eDas Volk will den Sturz des Regimes\u201c an die Wand ihrer Schule gespr\u00fcht haben. Anderen Medien zufolge geschah das schon fr\u00fcher oder es sei nicht die Wand an der Schule, sondern einfach nur eine Mauer gewesen. Auch der Inhalt der Parole wird unterschiedlich wiedergegeben. Aber wann immer es war, international wurde dieses Ereignis zum Startschuss f\u00fcr eine beispiellose Medienkampagne, die den Krieg bef\u00f6rderte.<\/p>\n<p>Der Text erschien bei Sputnik News am 29.3.2020:\u00a0<a href=\"https:\/\/sptnkne.ws\/BRt9\">https:\/\/sptnkne.ws\/BRt9<\/a><\/p>\n","protected":false},"excerpt":{"rendered":"<p>Welcher M\u00e4rztag im Jahr 2011 es war, an dem in Syrien\u00a0die gro\u00dfe Zerst\u00f6rung begann ist unklar. Die Nationale Koalition der oppositionellen und revolution\u00e4ren Kr\u00e4fte Syriens (Etilaf) sagt, es sei der 15. M\u00e4rz gewesen. Die Au\u00dfenminister Deutschlands, Gro\u00dfbritanniens, Frankreich und USA &hellip; <a href=\"https:\/\/leukefeld.net\/?p=1073\">Weiterlesen <span class=\"meta-nav\">&rarr;<\/span><\/a><\/p>\n","protected":false},"author":2,"featured_media":0,"comment_status":"closed","ping_status":"closed","sticky":false,"template":"","format":"standard","meta":{"footnotes":""},"categories":[6],"tags":[],"class_list":["post-1073","post","type-post","status-publish","format-standard","hentry","category-reportagen-interviews-deutsch"],"_links":{"self":[{"href":"https:\/\/leukefeld.net\/index.php?rest_route=\/wp\/v2\/posts\/1073","targetHints":{"allow":["GET"]}}],"collection":[{"href":"https:\/\/leukefeld.net\/index.php?rest_route=\/wp\/v2\/posts"}],"about":[{"href":"https:\/\/leukefeld.net\/index.php?rest_route=\/wp\/v2\/types\/post"}],"author":[{"embeddable":true,"href":"https:\/\/leukefeld.net\/index.php?rest_route=\/wp\/v2\/users\/2"}],"replies":[{"embeddable":true,"href":"https:\/\/leukefeld.net\/index.php?rest_route=%2Fwp%2Fv2%2Fcomments&post=1073"}],"version-history":[{"count":1,"href":"https:\/\/leukefeld.net\/index.php?rest_route=\/wp\/v2\/posts\/1073\/revisions"}],"predecessor-version":[{"id":1074,"href":"https:\/\/leukefeld.net\/index.php?rest_route=\/wp\/v2\/posts\/1073\/revisions\/1074"}],"wp:attachment":[{"href":"https:\/\/leukefeld.net\/index.php?rest_route=%2Fwp%2Fv2%2Fmedia&parent=1073"}],"wp:term":[{"taxonomy":"category","embeddable":true,"href":"https:\/\/leukefeld.net\/index.php?rest_route=%2Fwp%2Fv2%2Fcategories&post=1073"},{"taxonomy":"post_tag","embeddable":true,"href":"https:\/\/leukefeld.net\/index.php?rest_route=%2Fwp%2Fv2%2Ftags&post=1073"}],"curies":[{"name":"wp","href":"https:\/\/api.w.org\/{rel}","templated":true}]}}