{"id":1033,"date":"2020-02-08T12:48:28","date_gmt":"2020-02-08T11:48:28","guid":{"rendered":"https:\/\/leukefeld.net\/?p=1033"},"modified":"2020-02-08T12:48:30","modified_gmt":"2020-02-08T11:48:30","slug":"spurensuche-syrien-oestlich-des-euphrat","status":"publish","type":"post","link":"https:\/\/leukefeld.net\/?p=1033","title":{"rendered":"Spurensuche Syrien &#8211; \u00d6stlich des Euphrat"},"content":{"rendered":"\n<figure class=\"wp-block-image size-large is-resized\"><img loading=\"lazy\" decoding=\"async\" src=\"https:\/\/leukefeld.net\/wp-content\/uploads\/2020\/02\/01-Leukefeld-Euphrat-Qere-Qozaq-Blick-nach-S\u00fcden-01-600x450.jpg\" alt=\"\" class=\"wp-image-1034\" width=\"597\" height=\"448\" srcset=\"https:\/\/leukefeld.net\/wp-content\/uploads\/2020\/02\/01-Leukefeld-Euphrat-Qere-Qozaq-Blick-nach-S\u00fcden-01-600x450.jpg 600w, https:\/\/leukefeld.net\/wp-content\/uploads\/2020\/02\/01-Leukefeld-Euphrat-Qere-Qozaq-Blick-nach-S\u00fcden-01-200x150.jpg 200w, https:\/\/leukefeld.net\/wp-content\/uploads\/2020\/02\/01-Leukefeld-Euphrat-Qere-Qozaq-Blick-nach-S\u00fcden-01-768x576.jpg 768w, https:\/\/leukefeld.net\/wp-content\/uploads\/2020\/02\/01-Leukefeld-Euphrat-Qere-Qozaq-Blick-nach-S\u00fcden-01-1536x1152.jpg 1536w, https:\/\/leukefeld.net\/wp-content\/uploads\/2020\/02\/01-Leukefeld-Euphrat-Qere-Qozaq-Blick-nach-S\u00fcden-01-2048x1536.jpg 2048w, https:\/\/leukefeld.net\/wp-content\/uploads\/2020\/02\/01-Leukefeld-Euphrat-Qere-Qozaq-Blick-nach-S\u00fcden-01-400x300.jpg 400w\" sizes=\"auto, (max-width: 597px) 100vw, 597px\" \/><figcaption>Foto: Karin Leukefeld, Der Euphrat bei Qere Qozaq, Blick nach S\u00fcden<\/figcaption><\/figure>\n\n\n\n<p>Anfang Januar 2020. Die Wettervorhersage hat sich get\u00e4uscht. Regen war angesagt im Norden Syriens, doch strahlender Sonnenschein bricht durch den Nebel, als der Wagen fr\u00fch am Morgen Aleppo in Richtung Osten verl\u00e4sst. In einem Vorort wartet Mohamed A., ein Kurde aus Afrin, der in Aleppo aufgewachsen ist. Er spricht Kurdisch und arbeitete fr\u00fcher als Kameramann und Fotograf f\u00fcr ausl\u00e4ndische Medien. Er wird uns die n\u00e4chsten Tage in die Gebiete \u00f6stlich des Euphrat begleiten, die zumindest teilweise noch unter kurdischer Kontrolle stehen. Heute geht es nach Koban\u00ea, auch Ain al-Arab genannt.<\/p>\n<p>Die Reportage bei RT Deutsch:\u00a0<a href=\"https:\/\/de.rt.com\/23ga\">https:\/\/de.rt.com\/23ga<\/a>\u00a0<\/p>\n","protected":false},"excerpt":{"rendered":"<p>Anfang Januar 2020. Die Wettervorhersage hat sich get\u00e4uscht. Regen war angesagt im Norden Syriens, doch strahlender Sonnenschein bricht durch den Nebel, als der Wagen fr\u00fch am Morgen Aleppo in Richtung Osten verl\u00e4sst. In einem Vorort wartet Mohamed A., ein Kurde &hellip; <a href=\"https:\/\/leukefeld.net\/?p=1033\">Weiterlesen <span class=\"meta-nav\">&rarr;<\/span><\/a><\/p>\n","protected":false},"author":2,"featured_media":0,"comment_status":"closed","ping_status":"closed","sticky":false,"template":"","format":"standard","meta":{"footnotes":""},"categories":[6],"tags":[],"class_list":["post-1033","post","type-post","status-publish","format-standard","hentry","category-reportagen-interviews-deutsch"],"_links":{"self":[{"href":"https:\/\/leukefeld.net\/index.php?rest_route=\/wp\/v2\/posts\/1033","targetHints":{"allow":["GET"]}}],"collection":[{"href":"https:\/\/leukefeld.net\/index.php?rest_route=\/wp\/v2\/posts"}],"about":[{"href":"https:\/\/leukefeld.net\/index.php?rest_route=\/wp\/v2\/types\/post"}],"author":[{"embeddable":true,"href":"https:\/\/leukefeld.net\/index.php?rest_route=\/wp\/v2\/users\/2"}],"replies":[{"embeddable":true,"href":"https:\/\/leukefeld.net\/index.php?rest_route=%2Fwp%2Fv2%2Fcomments&post=1033"}],"version-history":[{"count":5,"href":"https:\/\/leukefeld.net\/index.php?rest_route=\/wp\/v2\/posts\/1033\/revisions"}],"predecessor-version":[{"id":1039,"href":"https:\/\/leukefeld.net\/index.php?rest_route=\/wp\/v2\/posts\/1033\/revisions\/1039"}],"wp:attachment":[{"href":"https:\/\/leukefeld.net\/index.php?rest_route=%2Fwp%2Fv2%2Fmedia&parent=1033"}],"wp:term":[{"taxonomy":"category","embeddable":true,"href":"https:\/\/leukefeld.net\/index.php?rest_route=%2Fwp%2Fv2%2Fcategories&post=1033"},{"taxonomy":"post_tag","embeddable":true,"href":"https:\/\/leukefeld.net\/index.php?rest_route=%2Fwp%2Fv2%2Ftags&post=1033"}],"curies":[{"name":"wp","href":"https:\/\/api.w.org\/{rel}","templated":true}]}}