{"id":1025,"date":"2020-02-01T20:00:00","date_gmt":"2020-02-01T19:00:00","guid":{"rendered":"https:\/\/leukefeld.net\/?p=1025"},"modified":"2020-02-03T20:02:16","modified_gmt":"2020-02-03T19:02:16","slug":"frontalangriff-auf-das-voelkerrecht","status":"publish","type":"post","link":"https:\/\/leukefeld.net\/?p=1025","title":{"rendered":"Frontalangriff auf das V\u00f6lkerrecht"},"content":{"rendered":"\n<p><strong>Donald Trump und Benjamin Netanjahu verscherbeln Pal\u00e4stina.<\/strong><\/p>\n<header class=\"header-normal\">\n<div class=\"header-content\">\n<div class=\"article-teaser\">\n<p>US-Pr\u00e4sident Donald Trump hat in Washington den lang angek\u00fcndigten \u201eJahrhundertdeal\u201c f\u00fcr einen Frieden in Nahost vorgestellt. Der Pr\u00e4sident der pal\u00e4stinensischen Autonomiebeh\u00f6rde Mahmud Abbas sprach von einer \u201eOhrfeige des Jahrhunderts\u201c. Man sage \u201etausendmal Nein\u201c zu dem Plan, so Abbas. Der Plan \u2014 wesentlich von Trump-Schwiegersohn Jared Kushner ausgearbeitet \u2014 k\u00f6nnte f\u00fcr die Pal\u00e4stinenser \u201edie letzte M\u00f6glichkeit sein\u201c, Frieden mit Israel zu schlie\u00dfen, sagte Trump bei einer Pressekonferenz im Wei\u00dfen Haus in Anwesenheit des noch amtierenden israelischen Ministerpr\u00e4sidenten Benjamin Netanjahu. Pal\u00e4stinenser waren nicht eingeladen.<\/p>\n<p>Der Artikel erschien bei Rubikon: <a href=\"https:\/\/www.rubikon.news\/artikel\/frontalangriff-auf-das-volkerrecht\">https:\/\/www.rubikon.news\/artikel\/frontalangriff-auf-das-volkerrecht<\/a><\/p>\n<\/div>\n<\/div>\n<\/header>\n","protected":false},"excerpt":{"rendered":"<p>Donald Trump und Benjamin Netanjahu verscherbeln Pal\u00e4stina. US-Pr\u00e4sident Donald Trump hat in Washington den lang angek\u00fcndigten \u201eJahrhundertdeal\u201c f\u00fcr einen Frieden in Nahost vorgestellt. Der Pr\u00e4sident der pal\u00e4stinensischen Autonomiebeh\u00f6rde Mahmud Abbas sprach von einer \u201eOhrfeige des Jahrhunderts\u201c. Man sage \u201etausendmal Nein\u201c &hellip; <a href=\"https:\/\/leukefeld.net\/?p=1025\">Weiterlesen <span class=\"meta-nav\">&rarr;<\/span><\/a><\/p>\n","protected":false},"author":2,"featured_media":0,"comment_status":"closed","ping_status":"closed","sticky":false,"template":"","format":"standard","meta":{"footnotes":""},"categories":[6],"tags":[],"class_list":["post-1025","post","type-post","status-publish","format-standard","hentry","category-reportagen-interviews-deutsch"],"_links":{"self":[{"href":"https:\/\/leukefeld.net\/index.php?rest_route=\/wp\/v2\/posts\/1025","targetHints":{"allow":["GET"]}}],"collection":[{"href":"https:\/\/leukefeld.net\/index.php?rest_route=\/wp\/v2\/posts"}],"about":[{"href":"https:\/\/leukefeld.net\/index.php?rest_route=\/wp\/v2\/types\/post"}],"author":[{"embeddable":true,"href":"https:\/\/leukefeld.net\/index.php?rest_route=\/wp\/v2\/users\/2"}],"replies":[{"embeddable":true,"href":"https:\/\/leukefeld.net\/index.php?rest_route=%2Fwp%2Fv2%2Fcomments&post=1025"}],"version-history":[{"count":2,"href":"https:\/\/leukefeld.net\/index.php?rest_route=\/wp\/v2\/posts\/1025\/revisions"}],"predecessor-version":[{"id":1027,"href":"https:\/\/leukefeld.net\/index.php?rest_route=\/wp\/v2\/posts\/1025\/revisions\/1027"}],"wp:attachment":[{"href":"https:\/\/leukefeld.net\/index.php?rest_route=%2Fwp%2Fv2%2Fmedia&parent=1025"}],"wp:term":[{"taxonomy":"category","embeddable":true,"href":"https:\/\/leukefeld.net\/index.php?rest_route=%2Fwp%2Fv2%2Fcategories&post=1025"},{"taxonomy":"post_tag","embeddable":true,"href":"https:\/\/leukefeld.net\/index.php?rest_route=%2Fwp%2Fv2%2Ftags&post=1025"}],"curies":[{"name":"wp","href":"https:\/\/api.w.org\/{rel}","templated":true}]}}