{"id":1021,"date":"2020-01-29T19:45:00","date_gmt":"2020-01-29T18:45:00","guid":{"rendered":"https:\/\/leukefeld.net\/?p=1021"},"modified":"2020-01-30T19:46:31","modified_gmt":"2020-01-30T18:46:31","slug":"die-deutsche-staatsraeson-und-die-entrechtung-der-palaestinenser","status":"publish","type":"post","link":"https:\/\/leukefeld.net\/?p=1021","title":{"rendered":"Die Deutsche Staatsr\u00e4son und die Entrechtung der Pal\u00e4stinenser"},"content":{"rendered":"\n<p>Auf einem Kongress des \u00bbDeutschen Koordinationskreises Pal\u00e4stina Israel\u00ab (KOPI) wird in Berlin die Israelpolitik der Bundesregierung unter der \u00dcberschrift \u00bbBehindert die deutsche \u203aStaatsr\u00e4son\u2039 den Frieden in Israel\/ Pal\u00e4stina?\u00ab auf den Pr\u00fcfstand gestellt. Die Frage ist heikel, denn der Begriff der \u201eStaatsr\u00e4son\u201c wird vom Bundeskanzleramt nicht nur wie ein Schutzschild um den Staat Israel gelegt, er sch\u00fctzt auch die Bundesregierung vor kritischen Fragen zur deutschen Nahostpolitik. In Politik und Medien ist die \u201eStaatsr\u00e4son\u201c gegen\u00fcber dem israelischen Staat Partei\u00fcbergreifend zum Schl\u00fcsselbegriff der deutschen Israel-Politik geworden. Inzwischen geh\u00f6ren dazu auch Rede-, Lehr- und Schreibverbote f\u00fcr Kritiker der israelischen Politik.<\/p>\n<p>\u00a0Information, Hintergrund und Interview in der Tageszeitung Junge Welt (Berlin): <a href=\"https:\/\/leukefeld.net\/wp-content\/uploads\/2020\/01\/200129-Gegen-das-V\u00f6lkerrecht.pdf\">200129 Gegen das V\u00f6lkerrecht<\/a><\/p>\n","protected":false},"excerpt":{"rendered":"<p>Auf einem Kongress des \u00bbDeutschen Koordinationskreises Pal\u00e4stina Israel\u00ab (KOPI) wird in Berlin die Israelpolitik der Bundesregierung unter der \u00dcberschrift \u00bbBehindert die deutsche \u203aStaatsr\u00e4son\u2039 den Frieden in Israel\/ Pal\u00e4stina?\u00ab auf den Pr\u00fcfstand gestellt. Die Frage ist heikel, denn der Begriff der &hellip; <a href=\"https:\/\/leukefeld.net\/?p=1021\">Weiterlesen <span class=\"meta-nav\">&rarr;<\/span><\/a><\/p>\n","protected":false},"author":2,"featured_media":0,"comment_status":"closed","ping_status":"closed","sticky":false,"template":"","format":"standard","meta":{"footnotes":""},"categories":[6],"tags":[],"class_list":["post-1021","post","type-post","status-publish","format-standard","hentry","category-reportagen-interviews-deutsch"],"_links":{"self":[{"href":"https:\/\/leukefeld.net\/index.php?rest_route=\/wp\/v2\/posts\/1021","targetHints":{"allow":["GET"]}}],"collection":[{"href":"https:\/\/leukefeld.net\/index.php?rest_route=\/wp\/v2\/posts"}],"about":[{"href":"https:\/\/leukefeld.net\/index.php?rest_route=\/wp\/v2\/types\/post"}],"author":[{"embeddable":true,"href":"https:\/\/leukefeld.net\/index.php?rest_route=\/wp\/v2\/users\/2"}],"replies":[{"embeddable":true,"href":"https:\/\/leukefeld.net\/index.php?rest_route=%2Fwp%2Fv2%2Fcomments&post=1021"}],"version-history":[{"count":2,"href":"https:\/\/leukefeld.net\/index.php?rest_route=\/wp\/v2\/posts\/1021\/revisions"}],"predecessor-version":[{"id":1024,"href":"https:\/\/leukefeld.net\/index.php?rest_route=\/wp\/v2\/posts\/1021\/revisions\/1024"}],"wp:attachment":[{"href":"https:\/\/leukefeld.net\/index.php?rest_route=%2Fwp%2Fv2%2Fmedia&parent=1021"}],"wp:term":[{"taxonomy":"category","embeddable":true,"href":"https:\/\/leukefeld.net\/index.php?rest_route=%2Fwp%2Fv2%2Fcategories&post=1021"},{"taxonomy":"post_tag","embeddable":true,"href":"https:\/\/leukefeld.net\/index.php?rest_route=%2Fwp%2Fv2%2Ftags&post=1021"}],"curies":[{"name":"wp","href":"https:\/\/api.w.org\/{rel}","templated":true}]}}